{"id":566,"date":"2008-02-18T19:28:34","date_gmt":"2008-02-18T17:28:34","guid":{"rendered":"http:\/\/www.imacandi.net\/sin\/blog\/2008\/02\/18\/incompetenta.html"},"modified":"2008-02-18T19:28:34","modified_gmt":"2008-02-18T17:28:34","slug":"incompetenta","status":"publish","type":"post","link":"https:\/\/www.imacandi.net\/sin\/blog\/2008\/02\/18\/incompetenta.html","title":{"rendered":"incompetenta"},"content":{"rendered":"<blockquote><p>Aeroporturile Baneasa \u015fi Otopeni vor fi \u00eenchise \u00een perioada 2-4 aprilie cu ocazia organiz\u0103rii summit-ului NATO la Bucure\u015fti, a declarat azi secretarul de stat \u00een Minsterul Transporturilor, Antonel T\u0103nase.&#8221;Studiem posibilitatea emiterii c\u00e2t mai cur\u00e2nd a unei Hot\u0103r\u00e2ri de Guvern \u00een acest sens pentru ca operatorii de trafic aerian s\u0103-\u015fi poat\u0103 lua din timp m\u0103surile necesare&#8221;, a spus Antonel T\u0103nase. T\u0103nase a declarat c\u0103 zborurile ce trebuiau s\u0103 aib\u0103 loc \u00een aceast\u0103 perioad\u0103  de pe Otopeni \u015fi B\u0103neasa este posibil s\u0103 fie relocate pe celelalte aeroporturi din \u0163ar\u0103.<\/p><\/blockquote>\n<p>Cat de retardat sa fii sa vii cu asemenea propuneri ? Adica faci dictai summitu si cu o luna inainte de eveniment declari ca esti incapabil sa asiguri securitatea oaspetilor si atunci inchizi tot ce misca ? Le e frica ca sunt deranjai aia de vin de cersetorii de la semafoare sau ce mortii mamii lor au de tre sa futa tot orasul pentru cacatul lor de summit ?<\/p>\n","protected":false},"excerpt":{"rendered":"<p>Aeroporturile Baneasa \u015fi Otopeni vor fi \u00eenchise \u00een perioada 2-4 aprilie cu ocazia organiz\u0103rii summit-ului NATO la Bucure\u015fti, a declarat azi secretarul de stat \u00een Minsterul Transporturilor, Antonel T\u0103nase.&#8221;Studiem posibilitatea emiterii c\u00e2t mai cur\u00e2nd a unei Hot\u0103r\u00e2ri de Guvern \u00een acest sens pentru ca operatorii de trafic aerian s\u0103-\u015fi poat\u0103 lua din timp m\u0103surile necesare&#8221;, &hellip; <a href=\"https:\/\/www.imacandi.net\/sin\/blog\/2008\/02\/18\/incompetenta.html\" class=\"more-link\">Continue reading <span class=\"screen-reader-text\">incompetenta<\/span> <span class=\"meta-nav\">&rarr;<\/span><\/a><\/p>\n","protected":false},"author":1,"featured_media":0,"comment_status":"open","ping_status":"open","sticky":false,"template":"","format":"standard","meta":{"_monsterinsights_skip_tracking":false,"_monsterinsights_sitenote_active":false,"_monsterinsights_sitenote_note":"","_monsterinsights_sitenote_category":0,"ngg_post_thumbnail":0,"footnotes":""},"categories":[2],"tags":[22,28],"class_list":["post-566","post","type-post","status-publish","format-standard","hentry","category-diverse","tag-ma-sa","tag-nervi"],"_links":{"self":[{"href":"https:\/\/www.imacandi.net\/sin\/blog\/wp-json\/wp\/v2\/posts\/566","targetHints":{"allow":["GET"]}}],"collection":[{"href":"https:\/\/www.imacandi.net\/sin\/blog\/wp-json\/wp\/v2\/posts"}],"about":[{"href":"https:\/\/www.imacandi.net\/sin\/blog\/wp-json\/wp\/v2\/types\/post"}],"author":[{"embeddable":true,"href":"https:\/\/www.imacandi.net\/sin\/blog\/wp-json\/wp\/v2\/users\/1"}],"replies":[{"embeddable":true,"href":"https:\/\/www.imacandi.net\/sin\/blog\/wp-json\/wp\/v2\/comments?post=566"}],"version-history":[{"count":0,"href":"https:\/\/www.imacandi.net\/sin\/blog\/wp-json\/wp\/v2\/posts\/566\/revisions"}],"wp:attachment":[{"href":"https:\/\/www.imacandi.net\/sin\/blog\/wp-json\/wp\/v2\/media?parent=566"}],"wp:term":[{"taxonomy":"category","embeddable":true,"href":"https:\/\/www.imacandi.net\/sin\/blog\/wp-json\/wp\/v2\/categories?post=566"},{"taxonomy":"post_tag","embeddable":true,"href":"https:\/\/www.imacandi.net\/sin\/blog\/wp-json\/wp\/v2\/tags?post=566"}],"curies":[{"name":"wp","href":"https:\/\/api.w.org\/{rel}","templated":true}]}}